{"id":1333,"date":"2025-09-12T15:35:51","date_gmt":"2025-09-12T14:35:51","guid":{"rendered":"https:\/\/sarreldellevant.net\/civada-el-secret-millenari-per-a-una-pell-i-cabell-radiants\/"},"modified":"2025-09-12T15:35:51","modified_gmt":"2025-09-12T14:35:51","slug":"civada-el-secret-millenari-per-a-una-pell-i-cabell-radiants","status":"publish","type":"post","link":"https:\/\/sarreldellevant.net\/ca\/civada-el-secret-millenari-per-a-una-pell-i-cabell-radiants\/","title":{"rendered":"Civada: El secret mil\u00b7lenari per a una pell i cabell radiants"},"content":{"rendered":"<p>La bellesa natural t\u00e9 molts secrets\u2026 per\u00f2 n&#8217;hi ha un que destaca per la seva senzillesa i efic\u00e0cia: <strong>la civada<\/strong>. Aquest humil cereal, que des de temps antics ha estat sin\u00f2nim de salut i benestar, s&#8217;ha guanyat un lloc privilegiat en la cosm\u00e8tica natural moderna. Per qu\u00e8? Perqu\u00e8 \u00e9s calmant, nutritiva, equilibrant i profundament hidratant.   <!--more--><\/p>\n<p>Avui t&#8217;expliquem tot el que necessites saber sobre la civada i com convertir-la en la teva nova aliada de bellesa.<\/p>\n<h2> Una mica d&#8217;hist\u00f2ria sobre la civada\u2026<\/h2>\n<p>Des de l&#8217;Antic Egipte i Roma, els banys de civada eren un remei tradicional per alleujar la pell irritada, suavitzar-la i protegir-la. Amb el temps, i gr\u00e0cies a la ci\u00e8ncia moderna, s&#8217;han confirmat aquests beneficis i molts m\u00e9s, convertint la civada en un ingredient estrella per a la cura de la pell i el cabell. <\/p>\n<h2><strong><em>Qu\u00e8 fa que la civada sigui tan especial?<\/em><\/strong><\/h2>\n<p>La civada \u00e9s rica en:<\/p>\n<p>Avenantramides, amb poder antioxidant i antiinflamatori<\/p>\n<p>Betaglucans, que retenen la humitat a la pell<\/p>\n<p>Vitamines del grup B, minerals com zinc i ferro, i l\u00edpids essencials<\/p>\n<h3><strong>&#8211; Tipus de civada usats en cosm\u00e8tica<\/strong><\/h3>\n<p><strong>Civada integral:<\/strong> perfecta per a exfoliants naturals.<\/p>\n<p>H<strong>arina de civada:<\/strong> es dissol f\u00e0cilment en aigua, ideal per a m\u00e0scares.<\/p>\n<p><strong>Civada col\u00b7lo\u00efdal:<\/strong> micronitzada i d&#8217;alta absorci\u00f3, recomanada per dermat\u00f2legs per a pells sensibles.<\/p>\n<p><strong>Llet de civada:<\/strong> extracte lleuger, present en locions, netejadors i brumes.<\/p>\n<h3><strong>\u2013 Beneficis per a la pell<\/strong><\/h3>\n<p>Hidrataci\u00f3 profunda<\/p>\n<p>Efecte calmant i antiinflamatori<\/p>\n<p>Exfoliaci\u00f3 suau sense irritar<\/p>\n<p>Regulaci\u00f3 del pH<\/p>\n<p>Protecci\u00f3 contra l&#8217;envelliment prematur<\/p>\n<p>Ideal per a tot tipus de pells, des de les m\u00e9s seques fins a les m\u00e9s grasses.<\/p>\n<h3><strong>\u2013 Beneficis per al cabell<\/strong><\/h3>\n<ul>\n<li>Enforteix el cuir cabellut<\/li>\n<li>Hidrata la fibra capil\u00b7lar<\/li>\n<li>Controla el encrespament<\/li>\n<li>Protegeix contra la contaminaci\u00f3 i la calor<\/li>\n<li>Regula el greix<\/li>\n<\/ul>\n<h2><strong>Qu\u00e8 diu la ci\u00e8ncia sobre els beneficis de la civada?<\/strong><\/h2>\n<p>La FDA reconeix la civada col\u00b7lo\u00efdal com a ingredient actiu per a pells sensibles.<\/p>\n<p>Estudis cl\u00ednics han demostrat que millora la hidrataci\u00f3 i alleuja la picor.<\/p>\n<p>Les seves propietats calmants estan avalades per la dermatologia moderna.<\/p>\n<h2><strong><em> Receptes naturals amb civada<\/em><\/strong><\/h2>\n<h3><strong><em>M\u00e0scara calmant facial<\/em><\/strong><\/h3>\n<ul>\n<li>20 g civada col\u00b7lo\u00efdal,<\/li>\n<li>15 g mel,<\/li>\n<li>30 ml aigua o llet de civada.<\/li>\n<\/ul>\n<p>Aplicar 15 minuts.<\/p>\n<h3><strong><em>Exfoliant suau amb iogurt<\/em><\/strong><\/h3>\n<ul>\n<li>10 g civada m\u00f2lta,<\/li>\n<li>30 g iogurt natural,<\/li>\n<li>5 ml suc de llimona (opcional).<\/li>\n<\/ul>\n<h2><strong><em>M\u00e0scara capil\u00b7lar nutritiva<\/em><\/strong><\/h2>\n<ul>\n<li>30 g civada,<\/li>\n<li>20 g oli de coco,<\/li>\n<li>50 ml llet vegetal.<\/li>\n<\/ul>\n<p>Deixar 20 minuts.<\/p>\n<h2><strong><em>Esprai condicionador sense aclarir<\/em><\/strong><\/h2>\n<ul>\n<li>200 ml aigua,<\/li>\n<li>40 g civada,<\/li>\n<li>1 culleradeta oli d&#8217;argan,<\/li>\n<li>5 gotes oli essencial.<\/li>\n<\/ul>\n<p>Aplicar a mitjans i puntes.<\/p>\n<h2><strong><em>Bruma refrescant de civada<\/em><\/strong><\/h2>\n<ul>\n<li>100 ml llet de civada,<\/li>\n<li>10 ml aigua de roses,<\/li>\n<li>5 gotes oli essencial de camamilla.<\/li>\n<\/ul>\n<h2><strong>Els nostres productes amb civada i m\u00e9s<\/strong><\/h2>\n<p>T&#8217;agradaria gaudir de tots aquests beneficis sense haver de fer receptes casolanes?<\/p>\n<p>Descobreix els nostres productes artesanals formulats amb ingredients naturals, molts d&#8217;ells amb civada com a protagonista:<\/p>\n<ul>\n<li><em>Xamp\u00fa de civada i mel <\/em><\/li>\n<li><em>Xamp\u00fa Arg\u00e1n <\/em><\/li>\n<li><em>Xamp\u00fa Bubble Up <\/em><\/li>\n<li><em>Xamp\u00fa Curly <\/em><\/li>\n<li><em>Xamp\u00fa Blue Moon<\/em><\/li>\n<li><em>Xamp\u00fa Atlantic <\/em><\/li>\n<li><em>Xamp\u00fa Azahar <\/em><\/li>\n<\/ul>\n<p><strong>I a m\u00e9s:<\/strong><\/p>\n<ul>\n<li>Sab\u00f3 mel i gingebre<\/li>\n<li> Sab\u00f3 pell sensible<\/li>\n<li>Netegador facial d&#8217;ortiga<\/li>\n<\/ul>\n<p><strong>T&#8217;animes a provar la civada en la teva rutina?<\/strong><\/p>\n<p>La civada \u00e9s un d&#8217;aquells ingredients que semblen senzills, per\u00f2 amaguen una for\u00e7a transformadora. En la nostra cosm\u00e8tica natural, apostem per f\u00f3rmules eficaces, conscients i respectuoses amb la teva pell i el medi ambient. <\/p>\n<p><strong>Descobreix, cuida i connecta amb la teva bellesa natural. La civada \u00e9s nom\u00e9s el principi. <\/strong><\/p>\n","protected":false},"excerpt":{"rendered":"<p>La bellesa natural t\u00e9 molts secrets\u2026 per\u00f2 n&#8217;hi ha un que destaca per la seva senzillesa i efic\u00e0cia: la civada. Aquest humil cereal, que des de temps antics ha estat sin\u00f2nim de salut i benestar, s&#8217;ha guanyat un lloc privilegiat en la cosm\u00e8tica natural moderna. Per qu\u00e8? Perqu\u00e8 \u00e9s calmant, nutritiva, equilibrant i profundament hidratant.<\/p>\n","protected":false},"author":1,"featured_media":1335,"comment_status":"closed","ping_status":"open","sticky":false,"template":"","format":"standard","meta":{"_et_pb_use_builder":"","_et_pb_old_content":"","_et_gb_content_width":"","om_disable_all_campaigns":false,"_monsterinsights_skip_tracking":false,"_monsterinsights_sitenote_active":false,"_monsterinsights_sitenote_note":"","_monsterinsights_sitenote_category":0,"_uf_show_specific_survey":0,"_uf_disable_surveys":false,"_jetpack_memberships_contains_paid_content":false,"footnotes":""},"categories":[98,96,97],"tags":[],"class_list":["post-1333","post","type-post","status-publish","format-standard","has-post-thumbnail","hentry","category-cosmetica-capillar","category-cosmetica-corporal","category-receptes-cosmetica-natural"],"aioseo_notices":[],"jetpack_featured_media_url":"https:\/\/sarreldellevant.net\/wp-content\/uploads\/2025\/09\/avena-el-secreto-milenario.png","jetpack_sharing_enabled":true,"_links":{"self":[{"href":"https:\/\/sarreldellevant.net\/ca\/wp-json\/wp\/v2\/posts\/1333","targetHints":{"allow":["GET"]}}],"collection":[{"href":"https:\/\/sarreldellevant.net\/ca\/wp-json\/wp\/v2\/posts"}],"about":[{"href":"https:\/\/sarreldellevant.net\/ca\/wp-json\/wp\/v2\/types\/post"}],"author":[{"embeddable":true,"href":"https:\/\/sarreldellevant.net\/ca\/wp-json\/wp\/v2\/users\/1"}],"replies":[{"embeddable":true,"href":"https:\/\/sarreldellevant.net\/ca\/wp-json\/wp\/v2\/comments?post=1333"}],"version-history":[{"count":0,"href":"https:\/\/sarreldellevant.net\/ca\/wp-json\/wp\/v2\/posts\/1333\/revisions"}],"wp:featuredmedia":[{"embeddable":true,"href":"https:\/\/sarreldellevant.net\/ca\/wp-json\/wp\/v2\/media\/1335"}],"wp:attachment":[{"href":"https:\/\/sarreldellevant.net\/ca\/wp-json\/wp\/v2\/media?parent=1333"}],"wp:term":[{"taxonomy":"category","embeddable":true,"href":"https:\/\/sarreldellevant.net\/ca\/wp-json\/wp\/v2\/categories?post=1333"},{"taxonomy":"post_tag","embeddable":true,"href":"https:\/\/sarreldellevant.net\/ca\/wp-json\/wp\/v2\/tags?post=1333"}],"curies":[{"name":"wp","href":"https:\/\/api.w.org\/{rel}","templated":true}]}}