{"id":1338,"date":"2025-09-16T14:09:12","date_gmt":"2025-09-16T13:09:12","guid":{"rendered":"https:\/\/sarreldellevant.net\/tot-el-que-has-de-saber-sobre-les-tipologies-del-cabell\/"},"modified":"2025-09-16T14:09:12","modified_gmt":"2025-09-16T13:09:12","slug":"tot-el-que-has-de-saber-sobre-les-tipologies-del-cabell","status":"publish","type":"post","link":"https:\/\/sarreldellevant.net\/ca\/tot-el-que-has-de-saber-sobre-les-tipologies-del-cabell\/","title":{"rendered":"Tot el que has de saber sobre les tipologies del cabell"},"content":{"rendered":"<p data-start=\"363\" data-end=\"618\"><strong>El cabell, igual que la pell, t\u00e9 caracter\u00edstiques \u00faniques que requereixen cures personalitzades.<\/strong> Con\u00e8ixer el teu tipus de cabell \u00e9s fonamental per triar els productes i tractaments adequats, assegurant que llueixi sempre saludable, brillant i fort.<!--more--><\/p>\n<p data-start=\"620\" data-end=\"796\">En aquesta guia completa descobrir\u00e0s els diferents tipus de cabell, consells de cura, receptes naturals, i els beneficis d&#8217;ingredients ayurv\u00e8dics i olis essencials. <img decoding=\"async\" class=\"emoji\" role=\"img\" draggable=\"false\" src=\"https:\/\/s.w.org\/images\/core\/emoji\/16.0.1\/svg\/1f33f.svg\" alt=\"\ud83c\udf3f\"><\/p>\n<h2 data-start=\"858\" data-end=\"876\"><strong>Per Textura:<\/strong><\/h2>\n<h3 data-start=\"878\" data-end=\"908\"><strong data-start=\"883\" data-end=\"908\">Cabell Llis (Tipus 1)<\/strong><\/h3>\n<p data-start=\"909\" data-end=\"996\"><strong data-start=\"909\" data-end=\"929\">Caracter\u00edstiques:<\/strong> Recte, sense ones ni r\u00ednxols visibles. Molt brillant. <br data-start=\"980\" data-end=\"983\"><strong data-start=\"983\" data-end=\"996\">Subtipus:<\/strong><\/p>\n<ul data-start=\"997\" data-end=\"1121\">\n<li data-start=\"997\" data-end=\"1033\">\n<p data-start=\"999\" data-end=\"1033\"><strong data-start=\"999\" data-end=\"1006\">1A:<\/strong> Ultra llis, fi i sed\u00f3s.<\/p>\n<\/li>\n<li data-start=\"1034\" data-end=\"1079\">\n<p data-start=\"1036\" data-end=\"1079\"><strong data-start=\"1036\" data-end=\"1043\">1B:<\/strong> Llis amb una mica de volum i textura.<\/p>\n<\/li>\n<li data-start=\"1080\" data-end=\"1121\">\n<p data-start=\"1082\" data-end=\"1121\"><strong data-start=\"1082\" data-end=\"1089\">1C:<\/strong> Gruixut, amb tend\u00e8ncia al frizz.<\/p>\n<\/li>\n<\/ul>\n<p data-start=\"1123\" data-end=\"1295\"><strong data-start=\"1123\" data-end=\"1145\">Problemes comuns:<\/strong> Manca de volum, arrels grasses, frizz.<br data-start=\"1185\" data-end=\"1188\"><strong data-start=\"1188\" data-end=\"1208\">Recomanacions:<\/strong> Utilitza xamp\u00fas voluminizadors, mascaretes lleugeres i olis suaus com arg\u00e0nia o jojoba.<\/p>\n<p data-start=\"1123\" data-end=\"1295\">\n<h3 data-start=\"1302\" data-end=\"1336\"><strong data-start=\"1307\" data-end=\"1336\">Cabell Ondulat (Tipus 2)<\/strong><\/h3>\n<p data-start=\"1337\" data-end=\"1425\"><strong data-start=\"1337\" data-end=\"1357\">Caracter\u00edstiques:<\/strong> Ones en forma de \u201cS\u201d. Textura entre llis i arrissat. <br data-start=\"1409\" data-end=\"1412\"><strong data-start=\"1412\" data-end=\"1425\">Subtipus:<\/strong><\/p>\n<ul data-start=\"1426\" data-end=\"1523\">\n<li data-start=\"1426\" data-end=\"1449\">\n<p data-start=\"1428\" data-end=\"1449\"><strong data-start=\"1428\" data-end=\"1435\">2A:<\/strong> Ones suaus.<\/p>\n<\/li>\n<li data-start=\"1450\" data-end=\"1485\">\n<p data-start=\"1452\" data-end=\"1485\"><strong data-start=\"1452\" data-end=\"1459\">2B:<\/strong> Ones marcades amb frizz.<\/p>\n<\/li>\n<li data-start=\"1486\" data-end=\"1523\">\n<p data-start=\"1488\" data-end=\"1523\"><strong data-start=\"1488\" data-end=\"1495\">2C:<\/strong> Ones gruixudes, voluminoses.<\/p>\n<\/li>\n<\/ul>\n<p data-start=\"1525\" data-end=\"1668\"><strong data-start=\"1525\" data-end=\"1547\">Problemes comuns:<\/strong> Frizz, manca de definici\u00f3.<br data-start=\"1575\" data-end=\"1578\"><strong data-start=\"1578\" data-end=\"1598\">Recomanacions:<\/strong> Cremes modeladores, olis lleugers i t\u00e8cniques d&#8217;assecat amb difusor.<\/p>\n<h3 data-start=\"1675\" data-end=\"1707\"><strong data-start=\"1680\" data-end=\"1707\">Cabell Arrissat (Tipus 3)<\/strong><\/h3>\n<p data-start=\"1708\" data-end=\"1790\"><strong data-start=\"1708\" data-end=\"1728\">Caracter\u00edstiques:<\/strong> R\u00ednxols definits, amb tend\u00e8ncia a encrespar-se.<br data-start=\"1774\" data-end=\"1777\"><strong data-start=\"1777\" data-end=\"1790\">Subtipus:<\/strong><\/p>\n<ul data-start=\"1791\" data-end=\"1905\">\n<li data-start=\"1791\" data-end=\"1825\">\n<p data-start=\"1793\" data-end=\"1825\"><strong data-start=\"1793\" data-end=\"1800\">3A:<\/strong> R\u00ednxols grans i solts.<\/p>\n<\/li>\n<li data-start=\"1826\" data-end=\"1869\">\n<p data-start=\"1828\" data-end=\"1869\"><strong data-start=\"1828\" data-end=\"1835\">3B:<\/strong> R\u00ednxols m\u00e9s atape\u00efts, amb volum.<\/p>\n<\/li>\n<li data-start=\"1870\" data-end=\"1905\">\n<p data-start=\"1872\" data-end=\"1905\"><strong data-start=\"1872\" data-end=\"1879\">3C:<\/strong> R\u00ednxols densos, en espiral.<\/p>\n<\/li>\n<\/ul>\n<p data-start=\"1907\" data-end=\"2034\"><strong data-start=\"1907\" data-end=\"1929\">Problemes comuns:<\/strong> Sequedat, encrespament.<br data-start=\"1955\" data-end=\"1958\"><strong data-start=\"1958\" data-end=\"1978\">Recomanacions:<\/strong> Hidrataci\u00f3 profunda, leave-ins i productes anti-frizz.<\/p>\n<h3 data-start=\"2041\" data-end=\"2079\"><strong data-start=\"2046\" data-end=\"2079\">Cabell Afro o Coily (Tipus 4)<\/strong><\/h3>\n<p data-start=\"2080\" data-end=\"2160\"><strong data-start=\"2080\" data-end=\"2100\">Caracter\u00edstiques:<\/strong> R\u00ednxols molt atape\u00efts, de vegades en forma de Z.<br data-start=\"2144\" data-end=\"2147\"><strong data-start=\"2147\" data-end=\"2160\">Subtipus:<\/strong><\/p>\n<ul data-start=\"2161\" data-end=\"2280\">\n<li data-start=\"2161\" data-end=\"2192\">\n<p data-start=\"2163\" data-end=\"2192\"><strong data-start=\"2163\" data-end=\"2170\">4A:<\/strong> R\u00ednxols ben definits.<\/p>\n<\/li>\n<li data-start=\"2193\" data-end=\"2240\">\n<p data-start=\"2195\" data-end=\"2240\"><strong data-start=\"2195\" data-end=\"2202\">4B:<\/strong> Patr\u00f3 en forma de Z, menys definit.<\/p>\n<\/li>\n<li data-start=\"2241\" data-end=\"2280\">\n<p data-start=\"2243\" data-end=\"2280\"><strong data-start=\"2243\" data-end=\"2250\">4C:<\/strong> Molt arrissat, encongit, fr\u00e0gil.<\/p>\n<\/li>\n<\/ul>\n<p data-start=\"2282\" data-end=\"2447\"><strong data-start=\"2282\" data-end=\"2304\">Problemes comuns:<\/strong> Manca d&#8217;hidrataci\u00f3, trencament.<br data-start=\"2334\" data-end=\"2337\"><strong data-start=\"2337\" data-end=\"2357\">Recomanacions:<\/strong> Olis nutritius (ric\u00ed, karit\u00e9), co-wash i pentinats protectors com trenes o twists.<\/p>\n<h2 data-start=\"2454\" data-end=\"2471\"><strong>Per Gruix:<\/strong><\/h2>\n<ul data-start=\"2473\" data-end=\"2611\">\n<li data-start=\"2473\" data-end=\"2515\">\n<p data-start=\"2475\" data-end=\"2515\"><strong data-start=\"2475\" data-end=\"2484\">Fi:<\/strong> Delicat, es trenca f\u00e0cilment.<\/p>\n<\/li>\n<li data-start=\"2516\" data-end=\"2554\">\n<p data-start=\"2518\" data-end=\"2554\"><strong data-start=\"2518\" data-end=\"2528\">Mitj\u00e0:<\/strong> Resistent i equilibrat.<\/p>\n<\/li>\n<li data-start=\"2555\" data-end=\"2611\">\n<p data-start=\"2557\" data-end=\"2611\"><strong data-start=\"2557\" data-end=\"2568\">Gruixut:<\/strong> Fort, per\u00f2 pot ser dif\u00edcil de manejar.<\/p>\n<\/li>\n<\/ul>\n<h2 data-start=\"2618\" data-end=\"2638\"> <strong>Per Porositat:<\/strong><\/h2>\n<ul data-start=\"2640\" data-end=\"2805\">\n<li data-start=\"2640\" data-end=\"2692\">\n<p data-start=\"2642\" data-end=\"2692\"><strong data-start=\"2642\" data-end=\"2651\">Baixa:<\/strong> Cut\u00edcules tancades, dif\u00edcil d&#8217;hidratar.<\/p>\n<\/li>\n<li data-start=\"2693\" data-end=\"2742\">\n<p data-start=\"2695\" data-end=\"2742\"><strong data-start=\"2695\" data-end=\"2705\">Mitjana:<\/strong> Absorci\u00f3 i hidrataci\u00f3 equilibrada.<\/p>\n<\/li>\n<li data-start=\"2743\" data-end=\"2805\">\n<p data-start=\"2745\" data-end=\"2805\"><strong data-start=\"2745\" data-end=\"2754\">Alta:<\/strong> Absorbeix r\u00e0pid, per\u00f2 perd humitat amb facilitat.<\/p>\n<\/li>\n<\/ul>\n<h2 data-start=\"2812\" data-end=\"2860\"><strong>Receptes Naturals per a la Cura del Cabell<\/strong><\/h2>\n<h3 data-start=\"2862\" data-end=\"2925\"><strong> Tractament amb Olis Calents (Tot Tipus de Cabell)<\/strong><\/h3>\n<p data-start=\"2927\" data-end=\"2944\"><strong data-start=\"2927\" data-end=\"2944\">Ingredients:<\/strong><\/p>\n<ul data-start=\"2945\" data-end=\"3034\">\n<li data-start=\"2945\" data-end=\"2974\">\n<p data-start=\"2947\" data-end=\"2974\">2 cullerades petites d&#8217;oli de coco<\/p>\n<\/li>\n<li data-start=\"2975\" data-end=\"3005\">\n<p data-start=\"2977\" data-end=\"3005\">2 cullerades petites d&#8217;oli d&#8217;oliva<\/p>\n<\/li>\n<li data-start=\"3006\" data-end=\"3034\">\n<p data-start=\"3008\" data-end=\"3034\">1 cullerada petita d&#8217;oli de ric\u00ed<\/p>\n<\/li>\n<\/ul>\n<p data-start=\"3036\" data-end=\"3052\"><strong data-start=\"3036\" data-end=\"3052\">Mode d&#8217;\u00fas:<\/strong><\/p>\n<ol data-start=\"3053\" data-end=\"3232\">\n<li data-start=\"3053\" data-end=\"3115\">\n<p data-start=\"3056\" data-end=\"3115\">Escalfa els olis al bany maria fins que estiguin tebis.<\/p>\n<\/li>\n<li data-start=\"3116\" data-end=\"3179\">\n<p data-start=\"3119\" data-end=\"3179\">Aplica d&#8217;arrels a puntes i cobreix amb una tovallola calenta.<\/p>\n<\/li>\n<li data-start=\"3180\" data-end=\"3232\">\n<p data-start=\"3183\" data-end=\"3232\">Deixa actuar 30 minuts i renta amb xamp\u00fa suau.<\/p>\n<\/li>\n<\/ol>\n<p data-start=\"3234\" data-end=\"3313\"><strong data-start=\"3234\" data-end=\"3249\">Beneficis:<\/strong> Nodreix profundament, redueix el frizz i estimula el creixement.<\/p>\n<h3 data-start=\"3320\" data-end=\"3382\"> <strong>Mascareta Ayurv\u00e8dica (Per a Cabell Gruixut o amb Caspa)<\/strong><\/h3>\n<p data-start=\"3384\" data-end=\"3401\"><strong data-start=\"3384\" data-end=\"3401\">Ingredients:<\/strong><\/p>\n<ul data-start=\"3402\" data-end=\"3484\">\n<li data-start=\"3402\" data-end=\"3430\">\n<p data-start=\"3404\" data-end=\"3430\">2 cullerades petites de pols d&#8217;amla<\/p>\n<\/li>\n<li data-start=\"3431\" data-end=\"3461\">\n<p data-start=\"3433\" data-end=\"3461\">1 cullerada petita d&#8217;oli de s\u00e8sam<\/p>\n<\/li>\n<li data-start=\"3462\" data-end=\"3484\">\n<p data-start=\"3464\" data-end=\"3484\">1 tassa d&#8217;aigua t\u00e8bia<\/p>\n<\/li>\n<\/ul>\n<p data-start=\"3486\" data-end=\"3502\"><strong data-start=\"3486\" data-end=\"3502\">Mode d&#8217;\u00fas:<\/strong><\/p>\n<ol data-start=\"3503\" data-end=\"3623\">\n<li data-start=\"3503\" data-end=\"3539\">\n<p data-start=\"3506\" data-end=\"3539\">Barreja fins a obtenir una pasta.<\/p>\n<\/li>\n<li data-start=\"3540\" data-end=\"3584\">\n<p data-start=\"3543\" data-end=\"3584\">Aplica al cuir cabellut i cabell.<\/p>\n<\/li>\n<li data-start=\"3585\" data-end=\"3623\">\n<p data-start=\"3588\" data-end=\"3623\">Deixa actuar 40 minuts i esbandeix.<\/p>\n<\/li>\n<\/ol>\n<p data-start=\"3625\" data-end=\"3681\"><strong data-start=\"3625\" data-end=\"3640\">Beneficis:<\/strong> Enforteix, combat la caspa i d\u00f3na brillantor.<\/p>\n<h3 data-start=\"3688\" data-end=\"3752\"><strong> Mascareta Hidratant amb Aloe Vera (Per a Cabell Arrissat)<\/strong><\/h3>\n<p data-start=\"3754\" data-end=\"3771\"><strong data-start=\"3754\" data-end=\"3771\">Ingredients:<\/strong><\/p>\n<ul data-start=\"3772\" data-end=\"3860\">\n<li data-start=\"3772\" data-end=\"3803\">\n<p data-start=\"3774\" data-end=\"3803\">2 cullerades petites de gel d&#8217;\u00e0loe vera<\/p>\n<\/li>\n<li data-start=\"3804\" data-end=\"3834\">\n<p data-start=\"3806\" data-end=\"3834\">1 cullerada petita d&#8217;oli de jojoba<\/p>\n<\/li>\n<li data-start=\"3835\" data-end=\"3860\">\n<p data-start=\"3837\" data-end=\"3860\">1 c\u00e0psula de vitamina E<\/p>\n<\/li>\n<\/ul>\n<p data-start=\"3862\" data-end=\"3878\"><strong data-start=\"3862\" data-end=\"3878\">Mode d&#8217;\u00fas:<\/strong><\/p>\n<ol data-start=\"3879\" data-end=\"3951\">\n<li data-start=\"3879\" data-end=\"3919\">\n<p data-start=\"3882\" data-end=\"3919\">Barreja i aplica a mitjans i puntes.<\/p>\n<\/li>\n<li data-start=\"3920\" data-end=\"3951\">\n<p data-start=\"3923\" data-end=\"3951\">Deixa 30 minuts i esbandeix.<\/p>\n<\/li>\n<\/ol>\n<p data-start=\"3953\" data-end=\"4018\"><strong data-start=\"3953\" data-end=\"3968\">Beneficis:<\/strong> Hidrata, defineix r\u00ednxols i redueix l&#8217;encrespament.<\/p>\n<h3 data-start=\"4025\" data-end=\"4073\"><strong>Plantes Ayurv\u00e8diques per a un Cabell Saludable<\/strong><\/h3>\n<h5 data-start=\"4075\" data-end=\"4086\"><img decoding=\"async\" class=\"emoji\" role=\"img\" draggable=\"false\" src=\"https:\/\/s.w.org\/images\/core\/emoji\/16.0.1\/svg\/1f33f.svg\" alt=\"\ud83c\udf3f\"><strong> Amla<\/strong><\/h5>\n<p data-start=\"4087\" data-end=\"4202\"><strong data-start=\"4087\" data-end=\"4172\">Enforteix els fol\u00b7licles, promou el creixement i prev\u00e9 les canes prematures.<\/strong><br data-start=\"4172\" data-end=\"4175\"><strong data-start=\"4175\" data-end=\"4183\">\u00das:<\/strong> En pols o oli.<\/p>\n<h5 data-start=\"4204\" data-end=\"4220\"><img decoding=\"async\" class=\"emoji\" role=\"img\" draggable=\"false\" src=\"https:\/\/s.w.org\/images\/core\/emoji\/16.0.1\/svg\/1f33f.svg\" alt=\"\ud83c\udf3f\"> <strong>Bhringraj<\/strong><\/h5>\n<p data-start=\"4221\" data-end=\"4334\"><strong data-start=\"4221\" data-end=\"4287\">\u201cReina del cabell\u201d: evita la caiguda i estimula el creixement.<\/strong><br data-start=\"4287\" data-end=\"4290\"><strong data-start=\"4290\" data-end=\"4298\">\u00das:<\/strong> En infusi\u00f3 o barrejat amb olis.<\/p>\n<h5 data-start=\"4336\" data-end=\"4351\"><img decoding=\"async\" class=\"emoji\" role=\"img\" draggable=\"false\" src=\"https:\/\/s.w.org\/images\/core\/emoji\/16.0.1\/svg\/1f33f.svg\" alt=\"\ud83c\udf3f\"> <strong>Shikakai<\/strong><\/h5>\n<p data-start=\"4352\" data-end=\"4429\"><strong data-start=\"4352\" data-end=\"4398\">Neteja suaument i aporta brillantor natural.<\/strong><br data-start=\"4398\" data-end=\"4401\"><strong data-start=\"4401\" data-end=\"4409\">\u00das:<\/strong> Com a xamp\u00fa herbal.<\/p>\n<h5 data-start=\"4431\" data-end=\"4442\"><img decoding=\"async\" class=\"emoji\" role=\"img\" draggable=\"false\" src=\"https:\/\/s.w.org\/images\/core\/emoji\/16.0.1\/svg\/1f33f.svg\" alt=\"\ud83c\udf3f\"> <strong>Neem<\/strong><\/h5>\n<p data-start=\"4443\" data-end=\"4550\"><strong data-start=\"4443\" data-end=\"4512\">Ideal per tractar la caspa i alleujar el cuir cabellut irritat.<\/strong><br data-start=\"4512\" data-end=\"4515\"><strong data-start=\"4515\" data-end=\"4523\">\u00das:<\/strong> En infusi\u00f3 com a esbandida.<\/p>\n<h5 data-start=\"4552\" data-end=\"4566\"><img decoding=\"async\" class=\"emoji\" role=\"img\" draggable=\"false\" src=\"https:\/\/s.w.org\/images\/core\/emoji\/16.0.1\/svg\/1f33a.svg\" alt=\"\ud83c\udf3a\"><strong> Hibisc<\/strong><\/h5>\n<p data-start=\"4567\" data-end=\"4672\"><strong data-start=\"4567\" data-end=\"4635\">Fomenta el creixement, d\u00f3na brillantor i combat les puntes obertes.<\/strong><br data-start=\"4635\" data-end=\"4638\"><strong data-start=\"4638\" data-end=\"4646\">\u00das:<\/strong> En olis o mascaretes.<\/p>\n<h2 data-start=\"4679\" data-end=\"4721\"><strong>Consells Generals per a un Cabell Radiant<\/strong><\/h2>\n<ul data-start=\"4723\" data-end=\"5037\">\n<li data-start=\"4723\" data-end=\"4805\">\n<p data-start=\"4725\" data-end=\"4805\"><strong data-start=\"4725\" data-end=\"4755\">Massatgeja el cuir cabellut<\/strong> 1-2 vegades per setmana per millorar la circulaci\u00f3.<\/p>\n<\/li>\n<li data-start=\"4806\" data-end=\"4877\">\n<p data-start=\"4808\" data-end=\"4877\"><strong data-start=\"4808\" data-end=\"4835\">Evita la calor excessiva<\/strong> (planxes, assecadors) sempre que puguis.<\/p>\n<\/li>\n<li data-start=\"4878\" data-end=\"4956\">\n<p data-start=\"4880\" data-end=\"4956\"><strong data-start=\"4880\" data-end=\"4905\">Cuida la teva alimentaci\u00f3<\/strong>: inclou prote\u00efna, ferro, zinc i suficient aigua.<\/p>\n<\/li>\n<li data-start=\"4957\" data-end=\"5037\">\n<p data-start=\"4959\" data-end=\"5037\"><strong data-start=\"4959\" data-end=\"4983\">Adapta els teus productes<\/strong> a la textura i necessitats espec\u00edfiques del teu cabell.<\/p>\n<\/li>\n<\/ul>\n<p data-start=\"5044\" data-end=\"5259\"><img decoding=\"async\" class=\"emoji\" role=\"img\" draggable=\"false\" src=\"https:\/\/s.w.org\/images\/core\/emoji\/16.0.1\/svg\/2728.svg\" alt=\"\u2728\"> <em data-start=\"5046\" data-end=\"5257\">Amb aquests consells i remeis naturals, pots cuidar el teu cabell de forma conscient i efectiva. Identifica el teu tipus, segueix una rutina adaptada i gaudeix d&#8217;un cabell fort, sa i brillant cada dia. <\/em><\/p>\n<p data-start=\"5044\" data-end=\"5259\"><a href=\"https:\/\/sarreldellevant.net\/inici\/\">Visita la nostra botiga en l\u00ednia<\/a> i descobreix els nostres productes naturals fets artesanalment des de Mallorca.<\/p>\n<p data-start=\"5261\" data-end=\"5308\"><strong>Llest per transformar la teva cabellera?<\/strong><\/p>\n","protected":false},"excerpt":{"rendered":"<p>El cabell, igual que la pell, t\u00e9 caracter\u00edstiques \u00faniques que requereixen cures personalitzades. Con\u00e8ixer el teu tipus de cabell \u00e9s fonamental per triar els productes i tractaments adequats, assegurant que llueixi sempre saludable, brillant i fort.<\/p>\n","protected":false},"author":1,"featured_media":1339,"comment_status":"closed","ping_status":"open","sticky":false,"template":"","format":"standard","meta":{"_et_pb_use_builder":"","_et_pb_old_content":"","_et_gb_content_width":"","om_disable_all_campaigns":false,"_monsterinsights_skip_tracking":false,"_monsterinsights_sitenote_active":false,"_monsterinsights_sitenote_note":"","_monsterinsights_sitenote_category":0,"_uf_show_specific_survey":0,"_uf_disable_surveys":false,"_jetpack_memberships_contains_paid_content":false,"footnotes":""},"categories":[98,97],"tags":[],"class_list":["post-1338","post","type-post","status-publish","format-standard","has-post-thumbnail","hentry","category-cosmetica-capillar","category-receptes-cosmetica-natural"],"aioseo_notices":[],"jetpack_featured_media_url":"https:\/\/sarreldellevant.net\/wp-content\/uploads\/2025\/09\/cabello-tipologia-cuidados.png","jetpack_sharing_enabled":true,"_links":{"self":[{"href":"https:\/\/sarreldellevant.net\/ca\/wp-json\/wp\/v2\/posts\/1338","targetHints":{"allow":["GET"]}}],"collection":[{"href":"https:\/\/sarreldellevant.net\/ca\/wp-json\/wp\/v2\/posts"}],"about":[{"href":"https:\/\/sarreldellevant.net\/ca\/wp-json\/wp\/v2\/types\/post"}],"author":[{"embeddable":true,"href":"https:\/\/sarreldellevant.net\/ca\/wp-json\/wp\/v2\/users\/1"}],"replies":[{"embeddable":true,"href":"https:\/\/sarreldellevant.net\/ca\/wp-json\/wp\/v2\/comments?post=1338"}],"version-history":[{"count":0,"href":"https:\/\/sarreldellevant.net\/ca\/wp-json\/wp\/v2\/posts\/1338\/revisions"}],"wp:featuredmedia":[{"embeddable":true,"href":"https:\/\/sarreldellevant.net\/ca\/wp-json\/wp\/v2\/media\/1339"}],"wp:attachment":[{"href":"https:\/\/sarreldellevant.net\/ca\/wp-json\/wp\/v2\/media?parent=1338"}],"wp:term":[{"taxonomy":"category","embeddable":true,"href":"https:\/\/sarreldellevant.net\/ca\/wp-json\/wp\/v2\/categories?post=1338"},{"taxonomy":"post_tag","embeddable":true,"href":"https:\/\/sarreldellevant.net\/ca\/wp-json\/wp\/v2\/tags?post=1338"}],"curies":[{"name":"wp","href":"https:\/\/api.w.org\/{rel}","templated":true}]}}